{"id":5116,"date":"2026-03-24T16:34:00","date_gmt":"2026-03-24T22:34:00","guid":{"rendered":"https:\/\/liceosalvadoreno.edu.sv\/home\/?p=5116"},"modified":"2026-03-24T16:37:02","modified_gmt":"2026-03-24T22:37:02","slug":"campana-de-prevencion-de-violencia-y-acoso-escolar","status":"publish","type":"post","link":"https:\/\/liceosalvadoreno.edu.sv\/home\/campana-de-prevencion-de-violencia-y-acoso-escolar\/","title":{"rendered":"Campa\u00f1a de prevenci\u00f3n de violencia y acoso escolar."},"content":{"rendered":"\n<p>Justificar la violencia y acoso escolar nos separa del sue\u00f1o de Marcelino Champagnat.<\/p>\n\n\n\n<p>Recordamos a toda nuestra comunidad educativa que hemos iniciado la campa\u00f1a <strong>\u201cStop the Hate\u201d<\/strong>, una iniciativa que busca fortalecer en nuestro colegio una cultura basada en el <strong>respeto, la empat\u00eda y la sana convivencia<\/strong>. \ud83d\udc99<\/p>\n\n\n\n<p>Creemos firmemente que cada estudiante merece aprender en un ambiente <strong>seguro, amable y lleno de apoyo<\/strong>. Por ello, durante esta campa\u00f1a estaremos promoviendo espacios de reflexi\u00f3n, di\u00e1logo y aprendizaje que inviten a nuestros estudiantes a reconocer la importancia de <strong>tratar a los dem\u00e1s con dignidad, comprender las diferencias y rechazar cualquier forma de violencia o acoso<\/strong>.<\/p>\n\n\n\n<p>Invitamos tambi\u00e9n a las <strong>familias<\/strong> a sumarse a este esfuerzo, reforzando en casa valores como el respeto, la solidaridad y la empat\u00eda. Cuando <strong>escuela y familia trabajan juntas<\/strong>, construimos una comunidad m\u00e1s fuerte y un entorno donde cada ni\u00f1o y ni\u00f1a puede crecer con confianza y bienestar.<\/p>\n\n\n\n<p>Sigamos caminando juntos para hacer de nuestro colegio un lugar donde <strong>la amabilidad sea m\u00e1s fuerte que el odio, y donde cada persona se sienta valorada y respetada<\/strong>.<\/p>\n\n\n\n<p><strong>Porque decir NO al acoso es decir S\u00cd al respeto, la amistad y la convivencia.<\/strong><\/p>\n\n\n\n<p><\/p>\n","protected":false},"excerpt":{"rendered":"<p>Justificar la violencia y acoso escolar nos separa del sue\u00f1o de Marcelino Champagnat. Recordamos a toda nuestra comunidad educativa que hemos iniciado la campa\u00f1a \u201cStop the Hate\u201d, una iniciativa que busca fortalecer en nuestro colegio una cultura basada en el respeto, la empat\u00eda y la sana convivencia. \ud83d\udc99 Creemos firmemente que cada estudiante merece aprender [&hellip;]<\/p>\n","protected":false},"author":7,"featured_media":5117,"comment_status":"closed","ping_status":"closed","sticky":false,"template":"","format":"standard","meta":{"_monsterinsights_skip_tracking":false,"_monsterinsights_sitenote_active":false,"_monsterinsights_sitenote_note":"","_monsterinsights_sitenote_category":0,"footnotes":""},"categories":[9],"tags":[],"class_list":["post-5116","post","type-post","status-publish","format-standard","has-post-thumbnail","hentry","category-noticias"],"_links":{"self":[{"href":"https:\/\/liceosalvadoreno.edu.sv\/home\/wp-json\/wp\/v2\/posts\/5116","targetHints":{"allow":["GET"]}}],"collection":[{"href":"https:\/\/liceosalvadoreno.edu.sv\/home\/wp-json\/wp\/v2\/posts"}],"about":[{"href":"https:\/\/liceosalvadoreno.edu.sv\/home\/wp-json\/wp\/v2\/types\/post"}],"author":[{"embeddable":true,"href":"https:\/\/liceosalvadoreno.edu.sv\/home\/wp-json\/wp\/v2\/users\/7"}],"replies":[{"embeddable":true,"href":"https:\/\/liceosalvadoreno.edu.sv\/home\/wp-json\/wp\/v2\/comments?post=5116"}],"version-history":[{"count":2,"href":"https:\/\/liceosalvadoreno.edu.sv\/home\/wp-json\/wp\/v2\/posts\/5116\/revisions"}],"predecessor-version":[{"id":5119,"href":"https:\/\/liceosalvadoreno.edu.sv\/home\/wp-json\/wp\/v2\/posts\/5116\/revisions\/5119"}],"wp:featuredmedia":[{"embeddable":true,"href":"https:\/\/liceosalvadoreno.edu.sv\/home\/wp-json\/wp\/v2\/media\/5117"}],"wp:attachment":[{"href":"https:\/\/liceosalvadoreno.edu.sv\/home\/wp-json\/wp\/v2\/media?parent=5116"}],"wp:term":[{"taxonomy":"category","embeddable":true,"href":"https:\/\/liceosalvadoreno.edu.sv\/home\/wp-json\/wp\/v2\/categories?post=5116"},{"taxonomy":"post_tag","embeddable":true,"href":"https:\/\/liceosalvadoreno.edu.sv\/home\/wp-json\/wp\/v2\/tags?post=5116"}],"curies":[{"name":"wp","href":"https:\/\/api.w.org\/{rel}","templated":true}]}}